{"id":2303,"date":"2026-04-08T10:04:28","date_gmt":"2026-04-08T10:04:28","guid":{"rendered":"https:\/\/restaurantlafilledesvignes.fr\/?p=2303"},"modified":"2026-04-16T08:15:39","modified_gmt":"2026-04-16T08:15:39","slug":"22-avril-5e-rencontre-de-la-parenthese-spirituelle","status":"publish","type":"post","link":"https:\/\/restaurantlafilledesvignes.fr\/en\/22-avril-5e-rencontre-de-la-parenthese-spirituelle\/","title":{"rendered":"22 Avril : 5e Rencontre de la Parenth\u00e8se Spirituelle"},"content":{"rendered":"<h2 class=\"wp-block-heading alignwide has-text-align-center ticss-3125c87b has-accent-color has-text-color has-link-color wp-elements-5ddaaae73b46ada4267ff69592fffb84\">Les inscriptions pour la derni\u00e8re date de la saison pour la Parenth\u00e8se Spirituelle sont ouvertes !<\/h2>\n\n\n\n<p class=\"has-text-align-center has-black-color has-text-color has-link-color wp-elements-d7bddb045c6bb2d6dea47e28f9ec7317\">La nouvelle date est annonc\u00e9e&nbsp;! Rendez-vous <strong>mercredi 22 Avril de 18h \u00e0 19h30 <\/strong>for an inspiring talk on\u00a0<em>M\u00e9moires Cellulaires<\/em>led by Eliza Costa \u2013 ArtmonyD\u00e9cor.\nWe can\u2019t wait to share this special moment with you.<\/p>\n\n\n\n<hr class=\"wp-block-separator has-text-color has-accent-color has-alpha-channel-opacity has-accent-background-color has-background\" style=\"margin-top:var(--wp--preset--spacing--70);margin-bottom:var(--wp--preset--spacing--70)\"\/>\n\n\n\n<p class=\"has-text-align-center ticss-06ac9744 has-black-color has-text-color has-link-color wp-elements-e5fd08334452567cfe319f2a1dd9b72c\"><strong>Free entry, registration required<\/strong><\/p>\n\n\n\n<div class=\"wp-block-buttons is-layout-flex wp-block-buttons-is-layout-flex\">\n<div class=\"wp-block-button has-custom-width wp-block-button__width-100 ticss-abb088a6\"><a class=\"wp-block-button__link has-accent-background-color has-background wp-element-button\" href=\"https:\/\/docs.google.com\/forms\/d\/e\/1FAIpQLSc3MSBp6tTFIoCh1HGc6jmpmQ7t5p7G69T5HHxsJys9p4P-yQ\/viewform\" target=\"_blank\" rel=\"noreferrer noopener\"><strong>register now<\/strong><\/a><\/div>\n<\/div>\n\n\n\n<hr class=\"wp-block-separator has-text-color has-accent-color has-alpha-channel-opacity has-accent-background-color has-background\" style=\"margin-top:var(--wp--preset--spacing--70);margin-bottom:var(--wp--preset--spacing--70)\"\/>\n\n\n\n<h3 class=\"wp-block-heading has-text-align-center ticss-123f1d0f has-accent-color has-text-color has-link-color wp-elements-0b696eed19b17523a91da584d110cffd\"><strong>A few words from our speaker\u2026<\/strong><\/h3>\n\n\n\n<p class=\"has-text-align-center has-black-color has-text-color has-link-color wp-elements-e2e36b1c80f1a38fe021a5dcb2184265\">\u00ab\u00a0Et si votre corps se souvenait de tout\u2026 ?&nbsp;<br>Je vous invite \u00e0 un nouveau voyage int\u00e9rieur autour d\u2019un th\u00e8me aussi fascinant que profond :&nbsp;<strong>Les M\u00e9moires Cellulaires<\/strong>.<\/p>\n\n\n\n<p class=\"has-text-align-center has-black-color has-text-color has-link-color wp-elements-458f5393a950df77a1a7b17fb4f23385\">Ces empreintes invisibles qui influencent&nbsp;<strong>nos \u00e9motions, nos r\u00e9actions, nos sch\u00e9mas de vie<\/strong>\u2026Celles qui se manifestent&nbsp;<strong>sans que l\u2019on comprenne toujours pourquoi<\/strong>.<\/p>\n\n\n\n<p class=\"has-text-align-center has-black-color has-text-color has-link-color wp-elements-7be9db0bfa500b76855ce092ee1d4f4c\">Au programme de cette parenth\u00e8se :<br>&#8211;&nbsp;<strong>Comprendre<\/strong>&nbsp;ce que sont les m\u00e9moires cellulaires<br>&#8211;&nbsp;<strong>Identifier<\/strong>&nbsp;comment elles s\u2019expriment en nous<br>&#8211;&nbsp;<strong>Apprendre<\/strong>&nbsp;\u00e0 les \u00e9couter et amorcer leur lib\u00e9ration<\/p>\n\n\n\n<p class=\"has-text-align-center has-black-color has-text-color has-link-color wp-elements-c142e94c23a122e67141874fae3c1e51\">A moment to&nbsp;<strong>ralentir<\/strong>,&nbsp;<strong>ressentir<\/strong>&nbsp;and&nbsp;<strong>se reconnecter \u00e0 soi<\/strong>&#8230; en douceur et en conscience.\u00a0\u00bb<\/p>\n\n\n\n<hr class=\"wp-block-separator has-text-color has-accent-color has-alpha-channel-opacity has-accent-background-color has-background\" style=\"margin-top:var(--wp--preset--spacing--70);margin-bottom:var(--wp--preset--spacing--70)\"\/>\n\n\n\n<h3 class=\"wp-block-heading has-text-align-center ticss-123f1d0f has-accent-color has-text-color has-link-color wp-elements-3ed9495d1e77802a7e33a7816374b26d\"><strong>About Eliza...<\/strong><\/h3>\n\n\n\n<p class=\"has-text-align-center has-accent-color has-text-color has-link-color wp-elements-0b6239933e9bfd4a3f4a3b40bee54152\" style=\"margin-top:0\"><em>Consultant specializing in home harmonization and occupant well-being.<br>Expert in Feng Shui \u2022 Home Wellness \u2022 Home Staging \u2022 Frequency Astrology \u2022 Geobiology with a focus on underground water detection<\/em><\/p>\n\n\n\n<ul class=\"wp-block-social-links has-normal-icon-size has-icon-background-color is-style-default is-content-justification-center is-layout-flex wp-container-core-social-links-is-layout-a89b3969 wp-block-social-links-is-layout-flex\"><li style=\"background-color:#3c6242;\" class=\"wp-social-link wp-social-link-facebook has-accent-background-color wp-block-social-link\"><a rel=\"noopener nofollow\" target=\"_blank\" href=\"https:\/\/www.facebook.com\/artmonydecore\/\" class=\"wp-block-social-link-anchor\"><svg width=\"24\" height=\"24\" viewbox=\"0 0 24 24\" version=\"1.1\" xmlns=\"http:\/\/www.w3.org\/2000\/svg\" aria-hidden=\"true\" focusable=\"false\"><path d=\"M12 2C6.5 2 2 6.5 2 12c0 5 3.7 9.1 8.4 9.9v-7H7.9V12h2.5V9.8c0-2.5 1.5-3.9 3.8-3.9 1.1 0 2.2.2 2.2.2v2.5h-1.3c-1.2 0-1.6.8-1.6 1.6V12h2.8l-.4 2.9h-2.3v7C18.3 21.1 22 17 22 12c0-5.5-4.5-10-10-10z\"><\/path><\/svg><span class=\"wp-block-social-link-label screen-reader-text\">Facebook<\/span><\/a><\/li>\n\n<li style=\"background-color:#3c6242;\" class=\"wp-social-link wp-social-link-instagram has-accent-background-color wp-block-social-link\"><a rel=\"noopener nofollow\" target=\"_blank\" href=\"https:\/\/www.instagram.com\/artmonydecor\/\" class=\"wp-block-social-link-anchor\"><svg width=\"24\" height=\"24\" viewbox=\"0 0 24 24\" version=\"1.1\" xmlns=\"http:\/\/www.w3.org\/2000\/svg\" aria-hidden=\"true\" focusable=\"false\"><path d=\"M12,4.622c2.403,0,2.688,0.009,3.637,0.052c0.877,0.04,1.354,0.187,1.671,0.31c0.42,0.163,0.72,0.358,1.035,0.673 c0.315,0.315,0.51,0.615,0.673,1.035c0.123,0.317,0.27,0.794,0.31,1.671c0.043,0.949,0.052,1.234,0.052,3.637 s-0.009,2.688-0.052,3.637c-0.04,0.877-0.187,1.354-0.31,1.671c-0.163,0.42-0.358,0.72-0.673,1.035 c-0.315,0.315-0.615,0.51-1.035,0.673c-0.317,0.123-0.794,0.27-1.671,0.31c-0.949,0.043-1.233,0.052-3.637,0.052 s-2.688-0.009-3.637-0.052c-0.877-0.04-1.354-0.187-1.671-0.31c-0.42-0.163-0.72-0.358-1.035-0.673 c-0.315-0.315-0.51-0.615-0.673-1.035c-0.123-0.317-0.27-0.794-0.31-1.671C4.631,14.688,4.622,14.403,4.622,12 s0.009-2.688,0.052-3.637c0.04-0.877,0.187-1.354,0.31-1.671c0.163-0.42,0.358-0.72,0.673-1.035 c0.315-0.315,0.615-0.51,1.035-0.673c0.317-0.123,0.794-0.27,1.671-0.31C9.312,4.631,9.597,4.622,12,4.622 M12,3 C9.556,3,9.249,3.01,8.289,3.054C7.331,3.098,6.677,3.25,6.105,3.472C5.513,3.702,5.011,4.01,4.511,4.511 c-0.5,0.5-0.808,1.002-1.038,1.594C3.25,6.677,3.098,7.331,3.054,8.289C3.01,9.249,3,9.556,3,12c0,2.444,0.01,2.751,0.054,3.711 c0.044,0.958,0.196,1.612,0.418,2.185c0.23,0.592,0.538,1.094,1.038,1.594c0.5,0.5,1.002,0.808,1.594,1.038 c0.572,0.222,1.227,0.375,2.185,0.418C9.249,20.99,9.556,21,12,21s2.751-0.01,3.711-0.054c0.958-0.044,1.612-0.196,2.185-0.418 c0.592-0.23,1.094-0.538,1.594-1.038c0.5-0.5,0.808-1.002,1.038-1.594c0.222-0.572,0.375-1.227,0.418-2.185 C20.99,14.751,21,14.444,21,12s-0.01-2.751-0.054-3.711c-0.044-0.958-0.196-1.612-0.418-2.185c-0.23-0.592-0.538-1.094-1.038-1.594 c-0.5-0.5-1.002-0.808-1.594-1.038c-0.572-0.222-1.227-0.375-2.185-0.418C14.751,3.01,14.444,3,12,3L12,3z M12,7.378 c-2.552,0-4.622,2.069-4.622,4.622S9.448,16.622,12,16.622s4.622-2.069,4.622-4.622S14.552,7.378,12,7.378z M12,15 c-1.657,0-3-1.343-3-3s1.343-3,3-3s3,1.343,3,3S13.657,15,12,15z M16.804,6.116c-0.596,0-1.08,0.484-1.08,1.08 s0.484,1.08,1.08,1.08c0.596,0,1.08-0.484,1.08-1.08S17.401,6.116,16.804,6.116z\"><\/path><\/svg><span class=\"wp-block-social-link-label screen-reader-text\">Instagram<\/span><\/a><\/li>\n\n<li style=\"background-color:#3c6242;\" class=\"wp-social-link wp-social-link-linkedin has-accent-background-color wp-block-social-link\"><a rel=\"noopener nofollow\" target=\"_blank\" href=\"https:\/\/fr.linkedin.com\/in\/eliza-costa-artmonydecor\" class=\"wp-block-social-link-anchor\"><svg width=\"24\" height=\"24\" viewbox=\"0 0 24 24\" version=\"1.1\" xmlns=\"http:\/\/www.w3.org\/2000\/svg\" aria-hidden=\"true\" focusable=\"false\"><path d=\"M19.7,3H4.3C3.582,3,3,3.582,3,4.3v15.4C3,20.418,3.582,21,4.3,21h15.4c0.718,0,1.3-0.582,1.3-1.3V4.3 C21,3.582,20.418,3,19.7,3z M8.339,18.338H5.667v-8.59h2.672V18.338z M7.004,8.574c-0.857,0-1.549-0.694-1.549-1.548 c0-0.855,0.691-1.548,1.549-1.548c0.854,0,1.547,0.694,1.547,1.548C8.551,7.881,7.858,8.574,7.004,8.574z M18.339,18.338h-2.669 v-4.177c0-0.996-0.017-2.278-1.387-2.278c-1.389,0-1.601,1.086-1.601,2.206v4.249h-2.667v-8.59h2.559v1.174h0.037 c0.356-0.675,1.227-1.387,2.526-1.387c2.703,0,3.203,1.779,3.203,4.092V18.338z\"><\/path><\/svg><span class=\"wp-block-social-link-label screen-reader-text\">LinkedIn<\/span><\/a><\/li><\/ul>\n\n\n\n<div class=\"wp-block-columns are-vertically-aligned-center has-black-color has-text-color has-link-color wp-elements-0ade98bd982147b106468e0a9742498c is-layout-flex wp-container-core-columns-is-layout-d2da2050 wp-block-columns-is-layout-flex\" style=\"margin-bottom:0\">\n<div class=\"wp-block-column is-vertically-aligned-center is-layout-flow wp-block-column-is-layout-flow\"><div class=\"wp-block-image\">\n<figure class=\"aligncenter size-full is-resized\"><img decoding=\"async\" src=\"https:\/\/restaurantlafilledesvignes.fr\/wp-content\/uploads\/2026\/01\/2026.01-Newsletter-Photo-Eliza.jpeg\" alt=\"\" class=\"wp-image-1934\" style=\"width:314px;height:auto\"\/><\/figure>\n<\/div><\/div>\n\n\n\n<div class=\"wp-block-column is-vertically-aligned-center is-layout-flow wp-container-core-column-is-layout-119bc444 wp-block-column-is-layout-flow\">\n<p class=\"ticss-18861c5b has-black-color has-text-color has-link-color wp-elements-6b5b5bdfa9bad93550873d332b503e0e\">I work with individuals and professionals to create spaces that foster <strong>well-being<\/strong> and <strong>harmony<\/strong>.<br>I help <strong>clear stagnant<\/strong> <strong>energies<\/strong> in homes and workspaces that may impact daily life, causing sleep disturbances, ongoing fatigue, or blockages in professional, personal, or emotional areas. By restoring balance to your space, <strong>your environment becomes a powerful ally for your energy, health, and overall success.<\/strong><\/p>\n<\/div>\n<\/div>\n\n\n\n<p class=\"has-text-align-center has-black-color has-text-color has-link-color wp-elements-defb279e73e172a1e1cbf721a3956a94\">I also provide personalized sessions to <strong>help you explore your birth chart<\/strong>, <strong>overcome personal challenges, <\/strong>and <strong>clear energetic blockages.<\/strong>My aim is to guide you toward <strong>greater balance, clarity,<\/strong> and <strong>inner harmony.<\/strong>.<\/p>\n\n\n\n<p class=\"has-text-align-center has-black-color has-text-color has-link-color wp-elements-0a09793fb7a00deb6b91e8008122348d\">Through Home Wellness practices and Feng Shui Home Staging, I help<strong> <\/strong>for <strong>unblock homes that are difficult to sell<\/strong>, <strong>highlight their potential,<\/strong> and <strong>create an instant emotional impact<\/strong> from the very first visit.<\/p>\n\n\n\n<p class=\"has-text-align-center ticss-81af9b61 has-black-color has-text-color has-link-color wp-elements-1594edef55b44f9ae1c3c3aa64545344\"><strong><em>TRANSFORM YOUR SPACE. TRANSFORM YOUR LIFE.<\/em><\/strong><\/p>","protected":false},"excerpt":{"rendered":"<p>Les inscriptions pour la derni\u00e8re date de la saison pour la Parenth\u00e8se Spirituelle sont ouvertes ! La nouvelle date est annonc\u00e9e&nbsp;! Rendez-vous mercredi 22 Avril de 18h \u00e0 19h30 pour une rencontre sur la th\u00e9matique \u00ab\u00a0M\u00e9moires Cellulaires\u00ab\u00a0. On vous attend nombreux pour cet \u00e9change anim\u00e9 par Eliza Costa &#8211; ArtmonyD\u00e9cor. [&hellip;]<\/p>\n","protected":false},"author":1,"featured_media":0,"comment_status":"closed","ping_status":"closed","sticky":false,"template":"","format":"standard","meta":{"_themeisle_gutenberg_block_has_review":false,"_jetpack_memberships_contains_paid_content":false,"footnotes":""},"categories":[27],"tags":[],"class_list":["post-2303","post","type-post","status-publish","format-standard","hentry","category-groupe-de-parole"],"aioseo_notices":[],"jetpack_featured_media_url":"","jetpack_sharing_enabled":true,"_links":{"self":[{"href":"https:\/\/restaurantlafilledesvignes.fr\/en\/wp-json\/wp\/v2\/posts\/2303","targetHints":{"allow":["GET"]}}],"collection":[{"href":"https:\/\/restaurantlafilledesvignes.fr\/en\/wp-json\/wp\/v2\/posts"}],"about":[{"href":"https:\/\/restaurantlafilledesvignes.fr\/en\/wp-json\/wp\/v2\/types\/post"}],"author":[{"embeddable":true,"href":"https:\/\/restaurantlafilledesvignes.fr\/en\/wp-json\/wp\/v2\/users\/1"}],"replies":[{"embeddable":true,"href":"https:\/\/restaurantlafilledesvignes.fr\/en\/wp-json\/wp\/v2\/comments?post=2303"}],"version-history":[{"count":0,"href":"https:\/\/restaurantlafilledesvignes.fr\/en\/wp-json\/wp\/v2\/posts\/2303\/revisions"}],"wp:attachment":[{"href":"https:\/\/restaurantlafilledesvignes.fr\/en\/wp-json\/wp\/v2\/media?parent=2303"}],"wp:term":[{"taxonomy":"category","embeddable":true,"href":"https:\/\/restaurantlafilledesvignes.fr\/en\/wp-json\/wp\/v2\/categories?post=2303"},{"taxonomy":"post_tag","embeddable":true,"href":"https:\/\/restaurantlafilledesvignes.fr\/en\/wp-json\/wp\/v2\/tags?post=2303"}],"curies":[{"name":"wp","href":"https:\/\/api.w.org\/{rel}","templated":true}]}}