{"id":2245,"date":"2026-03-04T12:26:41","date_gmt":"2026-03-04T12:26:41","guid":{"rendered":"https:\/\/restaurantlafilledesvignes.fr\/?p=2245"},"modified":"2026-04-09T14:25:25","modified_gmt":"2026-04-09T14:25:25","slug":"13-mars-5e-soiree-de-notre-comedy-cafe","status":"publish","type":"post","link":"https:\/\/restaurantlafilledesvignes.fr\/en\/13-mars-5e-soiree-de-notre-comedy-cafe\/","title":{"rendered":"March 13th : 5th night of our Comedy Club"},"content":{"rendered":"<hr class=\"wp-block-separator has-text-color has-accent-color has-alpha-channel-opacity has-accent-background-color has-background\" style=\"margin-top:var(--wp--preset--spacing--70);margin-bottom:var(--wp--preset--spacing--70)\"\/>\n\n\n\n<h2 class=\"wp-block-heading has-text-align-center ticss-70eee572 has-black-color has-text-color has-link-color wp-elements-666f7d64801a8d5601bba8c8140da01b\"><strong>A FIFTH EVENING WITH A TWIST\u2026<\/strong><\/h2>\n\n\n\n<hr class=\"wp-block-separator has-text-color has-accent-color has-alpha-channel-opacity has-accent-background-color has-background\" style=\"margin-top:var(--wp--preset--spacing--70);margin-bottom:var(--wp--preset--spacing--70)\"\/>\n\n\n\n<p class=\"has-text-align-center has-black-color has-text-color has-link-color wp-elements-2408d8a79be88bafb54cd69757a0da2c\">We\u2019re back for the <strong><strong>5th edition of the Comedy Club<\/strong><\/strong>\u2026 and not just any edition : in honor of <strong><strong>International Women\u2019s Day Month,<\/strong><\/strong>this evening <strong><strong>celebrates women.<\/strong><\/strong><\/p>\n\n\n\n<p class=\"has-text-align-center has-black-color has-text-color has-link-color wp-elements-765d21f224ed99d42dc300d928616c2f\">On\u00a0<strong>Friday, March 13th,<\/strong>On Friday, March 13, enjoy a <strong>friendly moment<\/strong> with a drink and shareable tapas. Get comfortable, let yourself be surprised, and soak up a <strong>warm, lively, and laughter-filled atmosphere.<\/strong>.<\/p>\n\n\n\n<p class=\"has-text-align-center has-black-color has-text-color has-link-color wp-elements-843a7a67068fe3c93380226e63e3c889\">Alex will host the evening as usual, bringing his signature energy to the stage.<\/p>\n\n\n\n<p class=\"has-text-align-center has-black-color has-text-color has-link-color wp-elements-1c1d279042edd7efa4552db235dd9d42\">And on stage? A <strong>100% female <\/strong>line-up ready to make the walls shake: Faouzia, France, Jocelyne, Julie, and Pauline will take you into their worlds, with sharp punchlines, self-deprecating humor, and pointed observations on life.<\/p>\n\n\n\n<p class=\"has-text-align-center has-black-color has-text-color has-link-color wp-elements-0ff3c59b518c895fd6ee773ebf59ceb1\">This 5th edition promises a night that is <strong>engaging<\/strong>, <strong>funny<\/strong> and <strong>inspiring<\/strong>with carefully selected drinks and dishes to share.<\/p>\n\n\n\n<p class=\"has-text-align-center has-black-color has-text-color has-link-color wp-elements-dfe1a256be3ed6befb0c9de41daca7ac\">The event is <strong>free<\/strong>but places are <strong>limited<\/strong>. <br><strong>Be sure to reserve your spot quickly <\/strong>at +33 4 66 04 17 46.<\/p>\n\n\n\n<p class=\"has-text-align-center has-black-color has-text-color has-link-color wp-elements-9b270bfdad9764b5ec6dc6f0ab1a7468\"><strong>\ud83d\udc49 Access to the event requires a minimum consumption of one drink and one platter per person.<\/strong><\/p>\n\n\n\n<p class=\"has-text-align-center has-black-color has-text-color has-link-color wp-elements-c7593e4d39b4b776a9c74a643039082a\">At the end of the night, <strong>the artists will ask for your generosity, <\/strong>show them your support \ud83d\udc9b<\/p>\n\n\n\n<hr class=\"wp-block-separator has-text-color has-accent-color has-alpha-channel-opacity has-accent-background-color has-background\" style=\"margin-top:var(--wp--preset--spacing--70);margin-bottom:var(--wp--preset--spacing--70)\"\/>\n\n\n<div class=\"wp-block-image\">\n<figure class=\"aligncenter size-large is-resized\"><img decoding=\"async\" width=\"819\" height=\"1024\" src=\"https:\/\/restaurantlafilledesvignes.fr\/wp-content\/uploads\/2026\/03\/Post-Instagram-Stand-Up-Janvier-2026-819x1024.jpg\" alt=\"\" class=\"wp-image-2248\" style=\"aspect-ratio:0.784190668310359;width:465px;height:auto\" srcset=\"https:\/\/restaurantlafilledesvignes.fr\/wp-content\/uploads\/2026\/03\/Post-Instagram-Stand-Up-Janvier-2026-819x1024.jpg 819w, https:\/\/restaurantlafilledesvignes.fr\/wp-content\/uploads\/2026\/03\/Post-Instagram-Stand-Up-Janvier-2026-240x300.jpg 240w, https:\/\/restaurantlafilledesvignes.fr\/wp-content\/uploads\/2026\/03\/Post-Instagram-Stand-Up-Janvier-2026-768x960.jpg 768w, https:\/\/restaurantlafilledesvignes.fr\/wp-content\/uploads\/2026\/03\/Post-Instagram-Stand-Up-Janvier-2026-10x12.jpg 10w, https:\/\/restaurantlafilledesvignes.fr\/wp-content\/uploads\/2026\/03\/Post-Instagram-Stand-Up-Janvier-2026.jpg 1080w\" sizes=\"(max-width: 819px) 100vw, 819px\" \/><\/figure>\n<\/div>\n\n\n<hr class=\"wp-block-separator has-text-color has-accent-color has-alpha-channel-opacity has-accent-background-color has-background\" style=\"margin-top:var(--wp--preset--spacing--70);margin-bottom:var(--wp--preset--spacing--70)\"\/>","protected":false},"excerpt":{"rendered":"<p>Une cinqui\u00e8me soir\u00e9e un peu sp\u00e9ciale&#8230; On se retrouve d\u00e9j\u00e0 pour la 5\u1d49 \u00e9dition du Comedy Club\u2026 et pas n\u2019importe laquelle : \u00e0 l\u2019occasion du mois de la Journ\u00e9e Internationale des Droits des Femmes, cette soir\u00e9e met les femmes \u00e0 l\u2019honneur. Le\u00a0vendredi 13 mars, venez profiter d\u2019un moment convivial autour [&hellip;]<\/p>\n","protected":false},"author":1,"featured_media":0,"comment_status":"closed","ping_status":"closed","sticky":false,"template":"","format":"standard","meta":{"_themeisle_gutenberg_block_has_review":false,"_jetpack_memberships_contains_paid_content":false,"footnotes":""},"categories":[28],"tags":[29,22],"class_list":["post-2245","post","type-post","status-publish","format-standard","hentry","category-stand-up","tag-stand-up","tag-uzes"],"aioseo_notices":[],"jetpack_featured_media_url":"","jetpack_sharing_enabled":true,"_links":{"self":[{"href":"https:\/\/restaurantlafilledesvignes.fr\/en\/wp-json\/wp\/v2\/posts\/2245","targetHints":{"allow":["GET"]}}],"collection":[{"href":"https:\/\/restaurantlafilledesvignes.fr\/en\/wp-json\/wp\/v2\/posts"}],"about":[{"href":"https:\/\/restaurantlafilledesvignes.fr\/en\/wp-json\/wp\/v2\/types\/post"}],"author":[{"embeddable":true,"href":"https:\/\/restaurantlafilledesvignes.fr\/en\/wp-json\/wp\/v2\/users\/1"}],"replies":[{"embeddable":true,"href":"https:\/\/restaurantlafilledesvignes.fr\/en\/wp-json\/wp\/v2\/comments?post=2245"}],"version-history":[{"count":0,"href":"https:\/\/restaurantlafilledesvignes.fr\/en\/wp-json\/wp\/v2\/posts\/2245\/revisions"}],"wp:attachment":[{"href":"https:\/\/restaurantlafilledesvignes.fr\/en\/wp-json\/wp\/v2\/media?parent=2245"}],"wp:term":[{"taxonomy":"category","embeddable":true,"href":"https:\/\/restaurantlafilledesvignes.fr\/en\/wp-json\/wp\/v2\/categories?post=2245"},{"taxonomy":"post_tag","embeddable":true,"href":"https:\/\/restaurantlafilledesvignes.fr\/en\/wp-json\/wp\/v2\/tags?post=2245"}],"curies":[{"name":"wp","href":"https:\/\/api.w.org\/{rel}","templated":true}]}}